{"id":1113,"date":"2026-08-30T13:19:56","date_gmt":"2026-08-30T13:19:56","guid":{"rendered":"https:\/\/blog.sasfly.net\/index.php\/2026\/08\/30\/mesterseges-intelligencia-ki-iranyitja-europat\/"},"modified":"2026-08-30T13:19:56","modified_gmt":"2026-08-30T13:19:56","slug":"mesterseges-intelligencia-ki-iranyitja-europat","status":"publish","type":"post","link":"https:\/\/blog.sasfly.net\/index.php\/2026\/08\/30\/mesterseges-intelligencia-ki-iranyitja-europat\/","title":{"rendered":"Mesters\u00e9ges intelligencia: Ki ir\u00e1ny\u00edtja Eur\u00f3p\u00e1t?"},"content":{"rendered":"<figure><img decoding=\"async\" src=\"https:\/\/blog.sasfly.net\/wp-content\/uploads\/2026\/08\/img_1788095967_2693.jpg\" alt=\"Mesters\u00e9ges intelligencia: Ki ir\u00e1ny\u00edtja Eur\u00f3p\u00e1t?\" style=\"width:100%;height:auto;margin-bottom:1em;\" title=\"\"><\/figure>\n<figure><img decoding=\"async\" src=\"https:\/\/blog.sasfly.net\/wp-content\/uploads\/2026\/08\/img_1788095969_4402-scaled.png\" alt=\"Mesters\u00e9ges intelligencia: Ki ir\u00e1ny\u00edtja Eur\u00f3p\u00e1t?\" style=\"width:100%;height:auto;margin-bottom:1em;\" title=\"\"><\/figure>\n<p>Mesters\u00e9ges intelligencia Eur\u00f3p\u00e1ban: ez a k\u00e9rd\u00e9s ma m\u00e1r nem puszt\u00e1n technol\u00f3giai, hanem t\u00e1rsadalmi, gazdas\u00e1gi \u00e9s politikai jelent\u0151s\u00e9g\u0171 is. Az AI ir\u00e1ny\u00edt\u00e1s Eur\u00f3pa-szerte egyre \u00e9get\u0151bb t\u00e9ma, f\u0151leg azok ut\u00e1n, hogy az elm\u00falt \u00e9vekben a kontinens r\u00e1\u00e9bredt: az ir\u00e1ny\u00edt\u00e1s, az adatok \u00e9s a fejleszt\u00e9s t\u00falnyom\u00f3 r\u00e9sze amerikai \u00e9s k\u00ednai k\u00e9zben \u00f6sszpontosul.<\/p>\n<p>Eur\u00f3pai AI fejleszt\u00e9s n\u00e9lk\u00fcl Eur\u00f3pa kiszolg\u00e1ltatott\u00e1 v\u00e1lhat mind \u00fczleti, mind t\u00e1rsadalmi szinten. Az AI szuverenit\u00e1s, vagyis a mesters\u00e9ges intelligencia feletti \u00f6n\u00e1ll\u00f3 ir\u00e1ny\u00edt\u00e1s nem csak a versenyk\u00e9pess\u00e9gr\u0151l, hanem a j\u00f6v\u0151beli technol\u00f3giai f\u00fcggetlens\u00e9gr\u0151l, az adatbiztons\u00e1gr\u00f3l \u00e9s v\u00e9gs\u0151 soron a demokr\u00e1cia v\u00e9delm\u00e9r\u0151l is sz\u00f3l.<\/p>\n<h2>Mi\u00e9rt fontos a mesters\u00e9ges intelligencia Eur\u00f3p\u00e1ban?<\/h2>\n<p>A mesters\u00e9ges intelligencia Eur\u00f3p\u00e1ban ma m\u00e1r alapvet\u0151 gazdas\u00e1gi \u00e9s t\u00e1rsadalmi k\u00e9rd\u00e9s. Nem csak arr\u00f3l van sz\u00f3, hogy k\u00e9pesek lesz\u00fcnk-e saj\u00e1t AI modelleket fejleszteni, hanem arr\u00f3l is, kihez ker\u00fclnek a kritikus adatok, \u00e9s ki szabhatja meg, hogyan haszn\u00e1ljuk ezeket a technol\u00f3gi\u00e1kat.<\/p>\n<p>Az ut\u00f3bbi id\u0151ben egyre t\u00f6bbsz\u00f6r fordul el\u0151, hogy bizonyos AI szolg\u00e1ltat\u00e1sok vagy modellek \u2013 p\u00e9ld\u00e1ul az Anthropic Mythos \u00e9s Fable rendszerei \u2013 el\u00e9rhetetlenn\u00e9 v\u00e1lnak az eur\u00f3pai felhaszn\u00e1l\u00f3k sz\u00e1m\u00e1ra. Ez r\u00e1vil\u00e1g\u00edt arra, mennyire f\u00fcgg\u00fcnk a tengerent\u00fali szolg\u00e1ltat\u00f3kt\u00f3l. Egy ilyen le\u00e1ll\u00e1s ak\u00e1r komoly fennakad\u00e1st is okozhat egy szoftverfejleszt\u0151 csapat munk\u00e1j\u00e1ban, vagy ak\u00e1r eg\u00e9sz ipar\u00e1gakban.<\/p>\n<p>A t\u00e9t nagy: ha nem siker\u00fcl meger\u0151s\u00edteni az eur\u00f3pai technol\u00f3giai f\u00fcggetlens\u00e9get, akkor a kontinens jelent\u0151s versenyh\u00e1tr\u00e1nyba ker\u00fclhet. Nem t\u00falz\u00e1s azt \u00e1ll\u00edtani, hogy a mesters\u00e9ges intelligencia szuverenit\u00e1sa az elk\u00f6vetkez\u0151 \u00e9vtized egyik legfontosabb strat\u00e9giai k\u00e9rd\u00e9se lesz.<\/p>\n<h2>AI ir\u00e1ny\u00edt\u00e1s Eur\u00f3pa: kinek a kez\u00e9ben az ir\u00e1ny\u00edt\u00e1s?<\/h2>\n<p>Az AI ir\u00e1ny\u00edt\u00e1s Eur\u00f3pa-szerte heves vit\u00e1k t\u00e1rgya. Jelenleg a legnagyobb AI modellek \u00e9s infrastukt\u00fara d\u00f6nt\u0151en amerikai \u00e9s k\u00ednai v\u00e1llalatokn\u00e1l koncentr\u00e1l\u00f3dnak. Gondoljunk csak az OpenAI-ra, a Google-re, vagy a k\u00ednai Baidura. Ezek a c\u00e9gek nemcsak a technol\u00f3gi\u00e1t birtokolj\u00e1k, hanem az adatokat, az infrastrukt\u00far\u00e1t \u00e9s gyakran a szab\u00e1lyokat is \u0151k dikt\u00e1lj\u00e1k.<\/p>\n<p>Eur\u00f3p\u00e1ban egyre er\u0151sebb az ig\u00e9ny, hogy az AI fejleszt\u00e9s, a hozz\u00e1f\u00e9r\u00e9s, valamint a haszn\u00e1lat felt\u00e9telei ne kiz\u00e1r\u00f3lag k\u00fcls\u0151 szerepl\u0151k d\u00f6nt\u00e9seit\u0151l f\u00fcggjenek. Az AI szuverenit\u00e1s k\u00e9rd\u00e9s\u00e9ben felmer\u00fcl, hogy ki rendelkezik a modellek felett, ki f\u00e9r hozz\u00e1 a tan\u00edt\u00f3 adatokhoz, \u00e9s ki felel\u0151s a d\u00f6nt\u00e9sek\u00e9rt, amelyeket a rendszerek hoznak.<\/p>\n<p>Az eur\u00f3pai d\u00f6nt\u00e9shoz\u00f3k sz\u00e1m\u00e1ra az egyik legnagyobb kih\u00edv\u00e1s, hogy megtal\u00e1lj\u00e1k a helyes egyens\u00falyt: hogyan tudj\u00e1k t\u00e1mogatni a hazai AI fejleszt\u00e9seket, ugyanakkor meg\u00f3vni a kontinenst a t\u00falzott k\u00fcls\u0151 befoly\u00e1st\u00f3l, vagy ak\u00e1r az adatok kiszolg\u00e1ltatotts\u00e1g\u00e1t\u00f3l.<\/p>\n<h2>\u00c1llami szab\u00e1lyoz\u00e1s \u00e9s AI szuverenit\u00e1s<\/h2>\n<p>Mesters\u00e9ges intelligencia szab\u00e1lyoz\u00e1s ter\u00e9n az Eur\u00f3pai Uni\u00f3 vil\u00e1gels\u0151 akar lenni. Az AI Act nev\u0171 rendeletcsomag c\u00e9lja, hogy egys\u00e9ges keretet adjon a mesters\u00e9ges intelligencia fejleszt\u00e9s\u00e9nek \u00e9s haszn\u00e1lat\u00e1nak. Ez a szab\u00e1lyoz\u00e1s kiemelt figyelmet ford\u00edt a felhaszn\u00e1l\u00f3k jogaira, az \u00e1tl\u00e1that\u00f3s\u00e1gra \u00e9s az adatv\u00e9delemre.<\/p>\n<p>Az AI Act el\u0151\u00edr\u00e1sai alapj\u00e1n p\u00e9ld\u00e1ul a vesz\u00e9lyesebb AI alkalmaz\u00e1sokat szigor\u00fabb ellen\u0151rz\u00e9s al\u00e1 vonj\u00e1k, \u00e9s minden fejleszt\u0151nek felel\u0151ss\u00e9get kell v\u00e1llalnia a modellek d\u00f6nt\u00e9sei\u00e9rt. Ez seg\u00edthet megakad\u00e1lyozni, hogy a mesters\u00e9ges intelligencia t\u00falzottan \u00e1tl\u00e1thatatlanul m\u0171k\u00f6dj\u00f6n, vagy hogy vissza\u00e9l\u00e9sek t\u00f6rt\u00e9njenek az adatokkal.<\/p>\n<p>Fontos azonban l\u00e1tni, hogy a szab\u00e1lyoz\u00e1s \u00f6nmag\u00e1ban nem p\u00f3tolja a technol\u00f3giai fejleszt\u00e9st. Ha Eur\u00f3pa nem fejleszt \u00f6n\u00e1ll\u00f3 AI modelleket \u00e9s infrastrukt\u00far\u00e1t, akkor a t\u00f6rv\u00e9nyek betartat\u00e1sa csak r\u00e9szben v\u00e9di meg a kontinens \u00e9rdekeit. A val\u00f3di AI szuverenit\u00e1s csak akkor val\u00f3sulhat meg, ha a technol\u00f3giai alapok is eur\u00f3pai k\u00e9zben lesznek.<\/p>\n<h2>Az eur\u00f3pai AI fejleszt\u00e9s helyzete \u00e9s kih\u00edv\u00e1sai<\/h2>\n<p>Az eur\u00f3pai AI fejleszt\u00e9s ter\u00e9n komoly eredm\u00e9nyek sz\u00fclettek, f\u0151k\u00e9nt a kutat\u00e1sban \u00e9s a szab\u00e1lyoz\u00e1sban, ugyanakkor a glob\u00e1lis piacon tov\u00e1bbra is az USA \u00e9s K\u00edna dikt\u00e1lja a temp\u00f3t. Az eur\u00f3pai startup \u00f6kosziszt\u00e9ma egyre akt\u00edvabb, de sokszor forr\u00e1shi\u00e1nnyal, lassabb piacra l\u00e9p\u00e9ssel \u00e9s neh\u00e9zkes n\u00f6veked\u00e9ssel k\u00fczd.<\/p>\n<p>J\u00f3 p\u00e9lda D\u00e1nia, ahol egyre t\u00f6bb AI fejleszt\u0151 c\u00e9g jelenik meg, \u00e9s a helyi tech hubok lend\u00fcletesen fejl\u0151dnek. Ugyanakkor az eur\u00f3pai c\u00e9gek gyakran k\u00e9nytelenek amerikai vagy \u00e1zsiai cloud szolg\u00e1ltat\u00e1sokat, modelleket \u201eb\u00e9relni\u201d, ezzel is tov\u00e1bb n\u00f6velve a f\u00fcgg\u0151s\u00e9get a k\u00fcls\u0151 szerepl\u0151kt\u0151l.<\/p>\n<p>Az al\u00e1bbi t\u00e1bl\u00e1zat \u00f6sszefoglalja, jelenleg hol tartanak a f\u0151bb szerepl\u0151k a mesters\u00e9ges intelligencia fejleszt\u00e9s\u00e9ben \u00e9s ir\u00e1ny\u00edt\u00e1s\u00e1ban:<\/p>\n<table>\n<thead>\n<tr>\n<th>Szerepl\u0151<\/th>\n<th>F\u0151 ter\u00fclet<\/th>\n<th>AI Fejleszt\u00e9s<\/th>\n<th>Ir\u00e1ny\u00edt\u00e1s\/Tulajdon<\/th>\n<th>P\u00e9lda<\/th>\n<\/tr>\n<\/thead>\n<tbody>\n<tr>\n<td>USA<\/td>\n<td>Alkalmaz\u00e1s, platform, infrastrukt\u00fara<\/td>\n<td>Nagy modellek (ChatGPT, Gemini, Bard)<\/td>\n<td>Mag\u00e1nc\u00e9gek, kev\u00e9s \u00e1llami befoly\u00e1s<\/td>\n<td>OpenAI, Google, Microsoft<\/td>\n<\/tr>\n<tr>\n<td>K\u00edna<\/td>\n<td>Alkalmaz\u00e1s, platform, korm\u00e1nyzati kontroll<\/td>\n<td>Er\u0151s \u00e1llami ir\u00e1ny\u00edt\u00e1s, saj\u00e1t modellek<\/td>\n<td>\u00c1llami \u00e9s mag\u00e1n tulajdon keveredik<\/td>\n<td>Baidu, Alibaba, SenseTime<\/td>\n<\/tr>\n<tr>\n<td>Eur\u00f3pa<\/td>\n<td>Kutat\u00e1s, szab\u00e1lyoz\u00e1s, adatv\u00e9delem<\/td>\n<td>F\u0151leg kis- \u00e9s k\u00f6z\u00e9pv\u00e1llalatok, kutat\u00f3laborok<\/td>\n<td>Szab\u00e1lyoz\u00e1si f\u00f3kusz, technol\u00f3giai lemarad\u00e1s<\/td>\n<td>Stability AI, DeepMind UK (m\u00e1r Google tulajdon)<\/td>\n<\/tr>\n<\/tbody>\n<\/table>\n<h2>Adatv\u00e9delem \u00e9s AI: val\u00f3di sz\u00fcks\u00e9glet vagy marketing?<\/h2>\n<p>Sokan gondolj\u00e1k, hogy a mesters\u00e9ges intelligencia Eur\u00f3p\u00e1ban csak akkor lehet sikeres, ha megfelel a szigor\u00fa adatv\u00e9delmi elv\u00e1r\u00e1soknak. Az eur\u00f3pai felhaszn\u00e1l\u00f3k sz\u00e1m\u00e1ra a mag\u00e1nszf\u00e9ra v\u00e9delme kiemelten fontos, ezt mutatja p\u00e9ld\u00e1ul a GDPR bevezet\u00e9se is. Ugyanakkor az AI modellek fejleszt\u00e9s\u00e9hez \u00e9s tan\u00edt\u00e1s\u00e1hoz hatalmas mennyis\u00e9g\u0171 adat sz\u00fcks\u00e9ges.<\/p>\n<p>Felmer\u00fcl a k\u00e9rd\u00e9s: hogyan lehet egyszerre biztos\u00edtani a technol\u00f3giai fejl\u0151d\u00e9st \u00e9s az adatv\u00e9delem szintj\u00e9t? Egyes szak\u00e9rt\u0151k szerint a jelenlegi AI-labok, f\u0151leg a nagy amerikai \u00e9s k\u00ednai c\u00e9gek, \u201eadatgy\u0171jt\u0151 g\u00e9pezett\u00e9\u201d v\u00e1ltak, \u00e9s a felhaszn\u00e1l\u00f3k gyakran nem is tudj\u00e1k, milyen k\u00f6vetkezm\u00e9nyei lehetnek a t\u00f6meges adatgy\u0171jt\u00e9snek.<\/p>\n<p>Az eur\u00f3pai AI szuverenit\u00e1s szempontj\u00e1b\u00f3l az adatv\u00e9delem nem luxus, hanem versenyel\u0151ny lehet. A felhaszn\u00e1l\u00f3k bizalma csak akkor \u00e9p\u00edthet\u0151 fel, ha \u00e1tl\u00e1that\u00f3, hol, hogyan \u00e9s mire haszn\u00e1lj\u00e1k fel az adataikat. Emellett n\u00f6vekv\u0151 ig\u00e9ny mutatkozik arra, hogy az AI ir\u00e1ny\u00edt\u00e1s Eur\u00f3p\u00e1ban val\u00f3ban a helyi szerepl\u0151k kez\u00e9ben legyen.<\/p>\n<ul>\n<li>A felhaszn\u00e1l\u00f3k 62%-a fontosnak tartja, hogy adatait csak eur\u00f3pai szervereken t\u00e1rolj\u00e1k.<\/li>\n<li>T\u00f6bb mint 70% agg\u00f3dik, hogy AI rendszerek vissza\u00e9lhetnek szem\u00e9lyes inform\u00e1ci\u00f3ikkal.<\/li>\n<li>Egy friss felm\u00e9r\u00e9s szerint az eur\u00f3pai v\u00e1llalatok 54%-a el\u0151nyben r\u00e9szes\u00edten\u00e9 a helyi AI fejleszt\u00e9seket szemben az amerikai vagy \u00e1zsiai megold\u00e1sokkal.<\/li>\n<\/ul>\n<h2>Technol\u00f3giai f\u00fcggetlens\u00e9g: hogyan \u00e9rhet\u0151 el?<\/h2>\n<p>Az eur\u00f3pai technol\u00f3giai f\u00fcggetlens\u00e9g nem egyik napr\u00f3l a m\u00e1sikra fog megval\u00f3sulni. Ehhez \u00f6sszehangolt \u00e1llami, piaci \u00e9s kutat\u00f3i \u00f6sszefog\u00e1s sz\u00fcks\u00e9ges. Els\u0151 l\u00e9p\u00e9s, hogy az EU \u00e9s tag\u00e1llamai jelent\u0151s forr\u00e1sokat biztos\u00edtsanak saj\u00e1t AI kutat\u00f3k\u00f6zpontok, startupok \u00e9s infrastrukt\u00fara fejleszt\u00e9s\u00e9re.<\/p>\n<p>M\u00e1sodik fontos pont a szab\u00e1lyoz\u00e1s: az AI Act \u00e9s egy\u00e9b jogszab\u00e1lyok csak akkor lesznek hat\u00e9konyak, ha a technol\u00f3giai h\u00e1tt\u00e9r is eur\u00f3pai k\u00e9zben van. Harmadr\u00e9szt elengedhetetlen, hogy az eur\u00f3pai c\u00e9gek egy\u00fcttm\u0171k\u00f6djenek, \u00e9s k\u00f6z\u00f6s platformokat, adatmegoszt\u00e1si rendszereket hozzanak l\u00e9tre \u2013 hasonl\u00f3an, ahogy az aut\u00f3iparban vagy az energetik\u00e1ban tettek.<\/p>\n<p>V\u00e9g\u00fcl, de nem utols\u00f3sorban, sz\u00fcks\u00e9g van egy er\u0151s, tudatos felhaszn\u00e1l\u00f3i b\u00e1zisra, akik tiszt\u00e1ban vannak az adataik \u00e9rt\u00e9k\u00e9vel, jogaikkal, \u00e9s akt\u00edvan r\u00e9szt vesznek az AI szuverenit\u00e1sr\u00f3l sz\u00f3l\u00f3 t\u00e1rsadalmi vit\u00e1ban. Csak \u00edgy lehet hossz\u00fa t\u00e1von meg\u0151rizni Eur\u00f3pa technol\u00f3giai \u00f6n\u00e1ll\u00f3s\u00e1g\u00e1t.<\/p>\n<h2>Gyakran ism\u00e9telt k\u00e9rd\u00e9sek<\/h2>\n<h3>Mi\u00e9rt ennyire fontos a mesters\u00e9ges intelligencia Eur\u00f3p\u00e1ban?<\/h3>\n<p>Mert a mesters\u00e9ges intelligencia nemcsak gazdas\u00e1gi el\u0151nyt jelent, hanem strat\u00e9giai jelent\u0151s\u00e9g\u0171 a t\u00e1rsadalom biztons\u00e1ga, a versenyk\u00e9pess\u00e9g \u00e9s a digit\u00e1lis f\u00fcggetlens\u00e9g szempontj\u00e1b\u00f3l is. Ha Eur\u00f3pa nem tud \u00f6n\u00e1ll\u00f3 AI-t fejleszteni, akkor kiszolg\u00e1ltatott\u00e1 v\u00e1lik k\u00fcls\u0151 szerepl\u0151knek.<\/p>\n<h3>Miben k\u00fcl\u00f6nb\u00f6zik az eur\u00f3pai AI ir\u00e1ny\u00edt\u00e1s az amerikaihoz vagy k\u00ednaihoz k\u00e9pest?<\/h3>\n<p>Az eur\u00f3pai AI ir\u00e1ny\u00edt\u00e1s szigor\u00fabb adatv\u00e9delmi \u00e9s szab\u00e1lyoz\u00e1si elveken alapul. Az EU els\u0151sorban a felhaszn\u00e1l\u00f3k jogait \u00e9s a transzparenci\u00e1t helyezi el\u0151t\u00e9rbe, m\u00edg az USA-ban a piac, K\u00edn\u00e1ban pedig az \u00e1llami kontroll a meghat\u00e1roz\u00f3.<\/p>\n<h3>Van es\u00e9lye Eur\u00f3p\u00e1nak felz\u00e1rk\u00f3zni az AI fejleszt\u00e9sben?<\/h3>\n<p>Igen, de ehhez jelent\u0151s befektet\u00e9sekre, oktat\u00e1si reformra, valamint a startup \u00f6kosziszt\u00e9ma t\u00e1mogat\u00e1s\u00e1ra van sz\u00fcks\u00e9g. Az EU-nak k\u00f6z\u00f6s adatplatformokat, kutat\u00f3k\u00f6zpontokat kell l\u00e9trehoznia, \u00e9s \u00f6szt\u00f6n\u00f6znie kell a helyi AI fejleszt\u00e9seket.<\/p>\n<h3>Milyen vesz\u00e9lyei lehetnek, ha Eur\u00f3pa nem lesz AI szuver\u00e9n?<\/h3>\n<p>Els\u0151sorban az adatok feletti kontroll elveszt\u00e9se, a technol\u00f3giai lemarad\u00e1s, a f\u00fcgg\u0151s\u00e9g k\u00fcls\u0151 c\u00e9gekt\u0151l, \u00e9s ennek t\u00e1rsadalmi, gazdas\u00e1gi, ak\u00e1r politikai k\u00f6vetkezm\u00e9nyei is lehetnek. Emellett s\u00e9r\u00fclhet a mag\u00e1nszf\u00e9ra v\u00e9delme \u00e9s a demokr\u00e1cia is.<\/p>\n<h3>Hogyan kapcsol\u00f3dik az adatv\u00e9delem a mesters\u00e9ges intelligencia szuverenit\u00e1s\u00e1hoz?<\/h3>\n<p>Az adatv\u00e9delem az AI szuverenit\u00e1s alapja: ha az adatok eur\u00f3pai k\u00e9zben maradnak, akkor nemcsak a felhaszn\u00e1l\u00f3k jogai v\u00e9dhet\u0151k, hanem a kontinens f\u00fcggetlens\u00e9ge \u00e9s versenyk\u00e9pess\u00e9ge is biztos\u00edtott marad.<\/p>\n<h2>\u00d6sszegz\u00e9s<\/h2>\n<p>A mesters\u00e9ges intelligencia Eur\u00f3p\u00e1ban t\u00f6bbr\u0151l sz\u00f3l, mint okos g\u00e9pekr\u0151l vagy szoftverekr\u0151l. Ez a k\u00e9rd\u00e9s a kontinens j\u00f6v\u0151j\u00e9t, gazdas\u00e1gi versenyk\u00e9pess\u00e9g\u00e9t, t\u00e1rsadalmi biztons\u00e1g\u00e1t \u00e9s a demokr\u00e1cia v\u00e9delm\u00e9t egyar\u00e1nt \u00e9rinti. Az AI ir\u00e1ny\u00edt\u00e1s Eur\u00f3pa sz\u00e1m\u00e1ra l\u00e9tfontoss\u00e1g\u00fa, \u00e9s csak akkor lehet sikeres, ha a szab\u00e1lyoz\u00e1s, a fejleszt\u00e9s \u00e9s az adatv\u00e9delem egyar\u00e1nt helyi, eur\u00f3pai k\u00e9zben marad.<\/p>\n<p>Ha \u00e9rdekel, hogyan tud egy v\u00e1llalkoz\u00e1s vagy szervezet sikeresen alkalmazni mesters\u00e9ges intelligenci\u00e1t Eur\u00f3p\u00e1ban, vagy szeretn<\/p>\n<p><script type=\"application\/ld+json\">\n[\n  {\n    \"@context\": \"https:\/\/schema.org\",\n    \"@type\": \"Article\",\n    \"headline\": \"Mesters\u00e9ges intelligencia: Ki ir\u00e1ny\u00edtja Eur\u00f3p\u00e1t?\",\n    \"description\": \"Mesters\u00e9ges intelligencia Eur\u00f3p\u00e1ban: hogyan \u0151rizheti meg a kontinens technol\u00f3giai f\u00fcggetlens\u00e9g\u00e9t \u00e9s versenyk\u00e9pess\u00e9g\u00e9t az amerikai \u00e9s k\u00ednai dominancia k\u00f6zepette?\",\n    \"datePublished\": \"2026-08-30T15:19:35.337656\",\n    \"dateModified\": \"2026-08-30T15:19:35.337656\",\n    \"author\": {\n      \"@type\": \"Person\",\n      \"name\": \"Szerkeszt\u0151s\u00e9g\"\n    },\n    \"publisher\": {\n      \"@type\": \"Organization\",\n      \"name\": \"Sasfly Blog\"\n    },\n    \"keywords\": \"mesters\u00e9ges intelligencia Eur\u00f3p\u00e1ban, AI ir\u00e1ny\u00edt\u00e1s Eur\u00f3pa, eur\u00f3pai AI fejleszt\u00e9s, AI szuverenit\u00e1s, mesters\u00e9ges intelligencia szab\u00e1lyoz\u00e1s, eur\u00f3pai technol\u00f3giai f\u00fcggetlens\u00e9g\",\n    \"inLanguage\": \"hu-HU\",\n    \"image\": {\n      \"@type\": \"ImageObject\",\n      \"url\": \"https:\/\/blog.sasfly.net\/wp-content\/uploads\/2026\/08\/img_1788095967_2693.jpg\"\n    }\n  },\n  {\n    \"@context\": \"https:\/\/schema.org\",\n    \"@type\": \"FAQPage\",\n    \"mainEntity\": [\n      {\n        \"@type\": \"Question\",\n        \"name\": \"Mi\u00e9rt ennyire fontos a mesters\u00e9ges intelligencia Eur\u00f3p\u00e1ban?\",\n        \"acceptedAnswer\": {\n          \"@type\": \"Answer\",\n          \"text\": \"Mert a mesters\u00e9ges intelligencia nemcsak gazdas\u00e1gi el\u0151nyt jelent, hanem strat\u00e9giai jelent\u0151s\u00e9g\u0171 a t\u00e1rsadalom biztons\u00e1ga, a versenyk\u00e9pess\u00e9g \u00e9s a digit\u00e1lis f\u00fcggetlens\u00e9g szempontj\u00e1b\u00f3l is. Ha Eur\u00f3pa nem tud \u00f6n\u00e1ll\u00f3 AI-t fejleszteni, akkor kiszolg\u00e1ltatott\u00e1 v\u00e1lik k\u00fcls\u0151 szerepl\u0151knek.\"\n        }\n      },\n      {\n        \"@type\": \"Question\",\n        \"name\": \"Miben k\u00fcl\u00f6nb\u00f6zik az eur\u00f3pai AI ir\u00e1ny\u00edt\u00e1s az amerikaihoz vagy k\u00ednaihoz k\u00e9pest?\",\n        \"acceptedAnswer\": {\n          \"@type\": \"Answer\",\n          \"text\": \"Az eur\u00f3pai AI ir\u00e1ny\u00edt\u00e1s szigor\u00fabb adatv\u00e9delmi \u00e9s szab\u00e1lyoz\u00e1si elveken alapul. Az EU els\u0151sorban a felhaszn\u00e1l\u00f3k jogait \u00e9s a transzparenci\u00e1t helyezi el\u0151t\u00e9rbe, m\u00edg az USA-ban a piac, K\u00edn\u00e1ban pedig az \u00e1llami kontroll a meghat\u00e1roz\u00f3.\"\n        }\n      },\n      {\n        \"@type\": \"Question\",\n        \"name\": \"Van es\u00e9lye Eur\u00f3p\u00e1nak felz\u00e1rk\u00f3zni az AI fejleszt\u00e9sben?\",\n        \"acceptedAnswer\": {\n          \"@type\": \"Answer\",\n          \"text\": \"Igen, de ehhez jelent\u0151s befektet\u00e9sekre, oktat\u00e1si reformra, valamint a startup \u00f6kosziszt\u00e9ma t\u00e1mogat\u00e1s\u00e1ra van sz\u00fcks\u00e9g. Az EU-nak k\u00f6z\u00f6s adatplatformokat, kutat\u00f3k\u00f6zpontokat kell l\u00e9trehoznia, \u00e9s \u00f6szt\u00f6n\u00f6znie kell a helyi AI fejleszt\u00e9seket.\"\n        }\n      },\n      {\n        \"@type\": \"Question\",\n        \"name\": \"Milyen vesz\u00e9lyei lehetnek, ha Eur\u00f3pa nem lesz AI szuver\u00e9n?\",\n        \"acceptedAnswer\": {\n          \"@type\": \"Answer\",\n          \"text\": \"Els\u0151sorban az adatok feletti kontroll elveszt\u00e9se, a technol\u00f3giai lemarad\u00e1s, a f\u00fcgg\u0151s\u00e9g k\u00fcls\u0151 c\u00e9gekt\u0151l, \u00e9s ennek t\u00e1rsadalmi, gazdas\u00e1gi, ak\u00e1r politikai k\u00f6vetkezm\u00e9nyei is lehetnek. Emellett s\u00e9r\u00fclhet a mag\u00e1nszf\u00e9ra v\u00e9delme \u00e9s a demokr\u00e1cia is.\"\n        }\n      },\n      {\n        \"@type\": \"Question\",\n        \"name\": \"Hogyan kapcsol\u00f3dik az adatv\u00e9delem a mesters\u00e9ges intelligencia szuverenit\u00e1s\u00e1hoz?\",\n        \"acceptedAnswer\": {\n          \"@type\": \"Answer\",\n          \"text\": \"Az adatv\u00e9delem az AI szuverenit\u00e1s alapja: ha az adatok eur\u00f3pai k\u00e9zben maradnak, akkor nemcsak a felhaszn\u00e1l\u00f3k jogai v\u00e9dhet\u0151k, hanem a kontinens f\u00fcggetlens\u00e9ge \u00e9s versenyk\u00e9pess\u00e9ge is biztos\u00edtott marad.\"\n        }\n      }\n    ]\n  }\n]\n<\/script><\/p>\n","protected":false},"excerpt":{"rendered":"<p>Investors, founders, and operators from across Europe arrived for the annual Nordic TechBBQ conference to talk about how humans can have agency over AI&#8230;.<\/p>\n","protected":false},"author":7,"featured_media":1111,"comment_status":"open","ping_status":"open","sticky":false,"template":"","format":"standard","meta":{"content-type":"","footnotes":""},"categories":[1],"tags":[402,404,403,405,401,270],"class_list":["post-1113","post","type-post","status-publish","format-standard","has-post-thumbnail","hentry","category-egyeb","tag-ai-iranyitas-europa","tag-ai-szuverenitas","tag-europai-ai-fejlesztes","tag-europai-technologiai-fuggetlenseg","tag-mesterseges-intelligencia-europaban","tag-mesterseges-intelligencia-szabalyozas"],"_links":{"self":[{"href":"https:\/\/blog.sasfly.net\/index.php\/wp-json\/wp\/v2\/posts\/1113","targetHints":{"allow":["GET"]}}],"collection":[{"href":"https:\/\/blog.sasfly.net\/index.php\/wp-json\/wp\/v2\/posts"}],"about":[{"href":"https:\/\/blog.sasfly.net\/index.php\/wp-json\/wp\/v2\/types\/post"}],"author":[{"embeddable":true,"href":"https:\/\/blog.sasfly.net\/index.php\/wp-json\/wp\/v2\/users\/7"}],"replies":[{"embeddable":true,"href":"https:\/\/blog.sasfly.net\/index.php\/wp-json\/wp\/v2\/comments?post=1113"}],"version-history":[{"count":0,"href":"https:\/\/blog.sasfly.net\/index.php\/wp-json\/wp\/v2\/posts\/1113\/revisions"}],"wp:featuredmedia":[{"embeddable":true,"href":"https:\/\/blog.sasfly.net\/index.php\/wp-json\/wp\/v2\/media\/1111"}],"wp:attachment":[{"href":"https:\/\/blog.sasfly.net\/index.php\/wp-json\/wp\/v2\/media?parent=1113"}],"wp:term":[{"taxonomy":"category","embeddable":true,"href":"https:\/\/blog.sasfly.net\/index.php\/wp-json\/wp\/v2\/categories?post=1113"},{"taxonomy":"post_tag","embeddable":true,"href":"https:\/\/blog.sasfly.net\/index.php\/wp-json\/wp\/v2\/tags?post=1113"}],"curies":[{"name":"wp","href":"https:\/\/api.w.org\/{rel}","templated":true}]}}