{"id":1119,"date":"2026-08-31T13:20:50","date_gmt":"2026-08-31T13:20:50","guid":{"rendered":"https:\/\/blog.sasfly.net\/index.php\/2026\/08\/31\/roman-uzembe-helyezese-az-l2-pontra-tartva\/"},"modified":"2026-08-31T13:20:50","modified_gmt":"2026-08-31T13:20:50","slug":"roman-uzembe-helyezese-az-l2-pontra-tartva","status":"publish","type":"post","link":"https:\/\/blog.sasfly.net\/index.php\/2026\/08\/31\/roman-uzembe-helyezese-az-l2-pontra-tartva\/","title":{"rendered":"Roman \u00fczembe helyez\u00e9se az L2 pontra tartva"},"content":{"rendered":"<figure><img decoding=\"async\" src=\"https:\/\/blog.sasfly.net\/wp-content\/uploads\/2026\/08\/img_1788182421_3896.jpg\" alt=\"Roman \u00fczembe helyez\u00e9se az L2 pontra tartva\" style=\"width:100%;height:auto;margin-bottom:1em;\" title=\"\"><\/figure>\n<figure><img decoding=\"async\" src=\"https:\/\/blog.sasfly.net\/wp-content\/uploads\/2026\/08\/img_1788182425_8699.jpg\" alt=\"Roman \u00fczembe helyez\u00e9se az L2 pontra tartva\" style=\"width:100%;height:auto;margin-bottom:1em;\" title=\"\"><\/figure>\n<p>A Roman \u0171rt\u00e1vcs\u0151 jelenleg h\u00e1rom h\u00f3napos \u00fatj\u00e1t teszi meg a F\u00f6ldt\u0151l a Nap-F\u00f6ld L2 Lagrange-pontig, ahol a vil\u00e1g\u0171r egyik legstabilabb hely\u00e9re ker\u00fcl. Az elk\u00f6vetkez\u0151 hetekben a Roman \u00fczembe helyez\u00e9se zajlik, mely sor\u00e1n a fed\u00e9lzeti rendszerek be\u00fczemel\u00e9se, be\u00e1ll\u00edt\u00e1sa \u00e9s kalibr\u00e1ci\u00f3ja t\u00f6rt\u00e9nik meg, hogy a tudom\u00e1nyos munk\u00e1hoz minden kifog\u00e1stalanul m\u0171k\u00f6dj\u00f6n.<\/p>\n<p>A Roman misszi\u00f3 egyed\u00fcl\u00e1ll\u00f3 lehet\u0151s\u00e9get k\u00edn\u00e1l az \u0171rkutat\u00e1s sz\u00e1m\u00e1ra, hogy eddig nem l\u00e1tott r\u00e9szletess\u00e9ggel vizsg\u00e1lja a vil\u00e1gegyetemet. Az L2 Lagrange-pont nem csak az\u00e9rt ide\u00e1lis helysz\u00edn, mert stabil p\u00e1ly\u00e1t biztos\u00edt, hanem mert itt a Nap, a F\u00f6ld \u00e9s a Hold zavar\u00f3 hat\u00e1sai is minim\u00e1lisak, \u00edgy az \u0171rt\u00e1vcs\u0151 kalibr\u00e1ci\u00f3 hossz\u00fa t\u00e1von is pontos marad.<\/p>\n<h2>Mi az a Roman \u0171rt\u00e1vcs\u0151 \u00e9s mi\u00e9rt k\u00fcl\u00f6nleges?<\/h2>\n<p>A Roman \u0171rt\u00e1vcs\u0151 \u2013 teljes nev\u00e9n Nancy Grace Roman Space Telescope \u2013 a NASA egyik leg\u00fajabb, nagy l\u00e1t\u00f3mezej\u0171 infrav\u00f6r\u00f6s \u0171rt\u00e1vcs\u00f6ve. A projekt f\u0151 c\u00e9lja, hogy felt\u00e9rk\u00e9pezze a vil\u00e1gegyetem s\u00f6t\u00e9t energi\u00e1j\u00e1t, s\u00f6t\u00e9t anyag\u00e1t, valamint seg\u00edtsen a galaxisok \u00e9s exobolyg\u00f3k kutat\u00e1s\u00e1ban.<\/p>\n<p>A Roman \u0171rt\u00e1vcs\u0151 f\u0151 t\u00fckre 2,4 m\u00e9ter \u00e1tm\u00e9r\u0151j\u0171, vagyis akkora, mint a h\u00edres Hubble t\u00e1vcs\u0151\u00e9, azonban a l\u00e1t\u00f3mezeje sz\u00e1zszor nagyobb. Ez azt jelenti, hogy egyetlen felv\u00e9tellel sokkal nagyobb eget tud lefedni, mint b\u00e1rmelyik kor\u00e1bbi \u0171rt\u00e1vcs\u0151. A Roman misszi\u00f3 c\u00e9lja, hogy gyorsan, hat\u00e9konyan \u00e9s kiv\u00e9teles r\u00e9szletess\u00e9ggel t\u00e9rk\u00e9pezze fel a vil\u00e1g\u0171rt infrav\u00f6r\u00f6s tartom\u00e1nyban.<\/p>\n<p>A Roman \u0171rt\u00e1vcs\u0151 az els\u0151, amelyet kifejezetten \u00fagy terveztek, hogy egyszerre szolg\u00e1lja a csillag\u00e1szati \u00e9s kozmol\u00f3giai kutat\u00e1sokat. Egyed\u00fcl\u00e1ll\u00f3 m\u0171szerezetts\u00e9ge r\u00e9v\u00e9n t\u00f6k\u00e9letesen alkalmas exobolyg\u00f3k, szupern\u00f3v\u00e1k, galaxisok \u00e9s a s\u00f6t\u00e9t anyag gravit\u00e1ci\u00f3s lencs\u00e9inek megfigyel\u00e9s\u00e9re.<\/p>\n<h2>Roman \u00fczembe helyez\u00e9se: Mit jelent a \u201ecommissioning\u201d szakasz?<\/h2>\n<p>A Roman \u00fczembe helyez\u00e9se \u2013 vagyis a commissioning szakasz \u2013 a fell\u00f6v\u00e9s ut\u00e1ni legfontosabb id\u0151szak az \u0171rt\u00e1vcs\u0151 \u00e9let\u00e9ben. Ilyenkor a m\u00e9rn\u00f6k\u00f6k \u00e9s tud\u00f3sok l\u00e9p\u00e9sr\u0151l l\u00e9p\u00e9sre ellen\u0151rzik a fed\u00e9lzeti rendszerek m\u0171k\u00f6d\u00e9s\u00e9t, tesztelik a kommunik\u00e1ci\u00f3s berendez\u00e9seket, a szoftvereket, valamint be\u00e1ll\u00edtj\u00e1k a t\u00e1vcs\u0151 optikai elemeit.<\/p>\n<p>K\u00f6zvetlen\u00fcl a rak\u00e9ta lev\u00e1l\u00e1sa ut\u00e1n \u2013 mind\u00f6ssze 1 \u00f3ra 23 perccel a start ut\u00e1n \u2013 a Roman \u0171rt\u00e1vcs\u0151 megkezdte a kibontakoz\u00e1st. Els\u0151k\u00e9nt a napelempanelek \u00e9s a napellenz\u0151 ny\u00edltak ki, hogy \u00e1rny\u00e9kot vessenek az \u00e9rz\u00e9keny detektorokra \u00e9s biztos\u00edts\u00e1k az energiaell\u00e1t\u00e1st. N\u00e9h\u00e1ny nappal k\u00e9s\u0151bb az antenna \u00e9s a t\u00e1vcs\u0151 f\u0151t\u00fckr\u00e9t v\u00e9d\u0151 fed\u00e9l is a hely\u00e9re ker\u00fclt.<\/p>\n<p>A teljes \u00fczembe helyez\u00e9si folyamat ak\u00e1r 90 napig is eltarthat. Ez id\u0151 alatt folyamatosan monitorozz\u00e1k az \u0171rt\u00e1vcs\u0151 \u00e1llapot\u00e1t, \u00e9s minden rendszert egyenk\u00e9nt finomhangolnak \u2013 csak ezut\u00e1n kezd\u0151dhetnek meg az \u00e9les tudom\u00e1nyos megfigyel\u00e9sek.<\/p>\n<h2>Az L2 Lagrange-pont: Mi\u00e9rt fontos az elhelyezked\u00e9s?<\/h2>\n<p>Az L2 Lagrange-pont egy k\u00fcl\u00f6nleges gravit\u00e1ci\u00f3s kiegyens\u00falyozott hely a F\u00f6ld-Nap rendszerben. Itt a F\u00f6ld \u00e9s a Nap gravit\u00e1ci\u00f3s vonz\u00e1sa, valamint az \u0171rt\u00e1vcs\u0151 Nap k\u00f6r\u00fcli mozg\u00e1sa olyan egyens\u00falyt teremt, amely lehet\u0151v\u00e9 teszi, hogy az eszk\u00f6z viszonylag kev\u00e9s \u00fczemanyag felhaszn\u00e1l\u00e1s\u00e1val stabil p\u00e1ly\u00e1n maradjon.<\/p>\n<p>Az L2 pont k\u00f6r\u00fcl a Roman \u0171rt\u00e1vcs\u0151 \u00fagynevezett \u201ehalo\u201d p\u00e1ly\u00e1n kering, amely lehet\u0151v\u00e9 teszi, hogy folyamatosan a F\u00f6lddel egy\u00fctt mozogjon a Nap k\u00f6r\u00fcl. Ez nemcsak energiatakar\u00e9kos megold\u00e1s, hanem optikailag is ide\u00e1lis: az \u0171rt\u00e1vcs\u0151 szinte zavartalanul figyelheti az eget, mivel a F\u00f6ld \u00e9s a Hold csak minim\u00e1lisan takarj\u00e1k ki a l\u00e1t\u00f3teret.<\/p>\n<p>Az L2-n elhelyezked\u0151 Roman \u0171rt\u00e1vcs\u0151 sz\u00e1m\u00e1ra a h\u0151m\u00e9rs\u00e9kletingadoz\u00e1sok is sokkal kev\u00e9sb\u00e9 jelent\u0151sek, ami k\u00fcl\u00f6n\u00f6sen fontos az infrav\u00f6r\u00f6s megfigyel\u00e9sekhez. Itt a f\u00f6ldi, a napsug\u00e1rz\u00e1s \u00e9s a holdf\u00e9ny zavar\u00f3 hat\u00e1sai is minimaliz\u00e1lhat\u00f3k, \u00edgy a t\u00e1vcs\u0151 kalibr\u00e1ci\u00f3ja hossz\u00fa t\u00e1von is stabil marad.<\/p>\n<h2>Roman \u0171rt\u00e1vcs\u0151 kalibr\u00e1ci\u00f3 \u00e9s tudom\u00e1nyos el\u0151k\u00e9sz\u00edt\u00e9s<\/h2>\n<p>A Roman \u0171rt\u00e1vcs\u0151 kalibr\u00e1ci\u00f3ja l\u00e9tfontoss\u00e1g\u00fa a tudom\u00e1nyos adatok min\u0151s\u00e9ge szempontj\u00e1b\u00f3l. A kalibr\u00e1ci\u00f3 sor\u00e1n minden m\u0171szer \u00e9rz\u00e9kenys\u00e9g\u00e9t, pontoss\u00e1g\u00e1t \u00e9s stabilit\u00e1s\u00e1t tizedesjegy pontoss\u00e1ggal be\u00e1ll\u00edtj\u00e1k. Ez mag\u00e1ban foglalja az optikai elemek (t\u00fckr\u00f6k, lencs\u00e9k) igaz\u00edt\u00e1s\u00e1t, a detektorok tesztel\u00e9s\u00e9t, valamint a szoftveres k\u00e9pfeldolgoz\u00e1s finomhangol\u00e1s\u00e1t.<\/p>\n<p>Az \u00fczembe helyez\u00e9s els\u0151 heteiben a m\u00e9rn\u00f6k\u00f6k el\u0151sz\u00f6r csak a legalapvet\u0151bb rendszereket kapcsolj\u00e1k be, majd fokozatosan haladnak az \u00f6sszetettebb m\u0171szerekig. A f\u0151t\u00fck\u00f6r be\u00e1ll\u00edt\u00e1s\u00e1t k\u00f6vet\u0151en pr\u00f3bak\u00e9peket k\u00e9sz\u00edtenek, amelyek alapj\u00e1n centim\u00e9ternyi pontoss\u00e1ggal finom\u00edtj\u00e1k a f\u00f3kuszt.<\/p>\n<p>Amikor minden rendszert sikeresen kalibr\u00e1ltak, a Roman \u0171rt\u00e1vcs\u0151 k\u00e9szen \u00e1ll arra, hogy belekezdjen els\u0151 tudom\u00e1nyos programjaiba. Ezek k\u00f6z\u00f6tt lesz exobolyg\u00f3k keres\u00e9se, szupern\u00f3v\u00e1k figyel\u00e9se, valamint a s\u00f6t\u00e9t anyag \u00e9s s\u00f6t\u00e9t energia vizsg\u00e1lata is.<\/p>\n<h2>Magyar r\u00e9szv\u00e9tel \u00e9s az \u0171rkutat\u00e1s Magyarorsz\u00e1gon<\/h2>\n<p>B\u00e1r a Roman \u0171rt\u00e1vcs\u0151 fejleszt\u00e9se els\u0151sorban amerikai projekt, a magyar \u0171rkutat\u00e1s is profit\u00e1l a k\u00fclf\u00f6ldi misszi\u00f3kb\u00f3l. Magyar csillag\u00e1szok rendszeresen r\u00e9szt vesznek nemzetk\u00f6zi kutat\u00f3csoportokban, amelyek a Roman \u00e1ltal gy\u0171jt\u00f6tt adatokat elemzik.<\/p>\n<p>Sz\u00e1mos magyar kutat\u00f3int\u00e9zet \u00e9s egyetem is bekapcsol\u00f3dott a Roman misszi\u00f3hoz kapcsol\u00f3d\u00f3 tudom\u00e1nyos programokba, p\u00e9ld\u00e1ul exobolyg\u00f3k megfigyel\u00e9s\u00e9be \u00e9s a galaxisok fejl\u0151d\u00e9s\u00e9nek vizsg\u00e1lat\u00e1ba. Az \u0171rkutat\u00e1s Magyarorsz\u00e1gon egyre n\u00e9pszer\u0171bb, \u00e9vente t\u00f6bb tucat fiatal kutat\u00f3 kapcsol\u00f3dik be a nemzetk\u00f6zi projektekbe.<\/p>\n<p>Ennek k\u00f6sz\u00f6nhet\u0151en a Roman \u0171rt\u00e1vcs\u0151 \u00e1ltal el\u00e9rt \u00e1tt\u00f6r\u00e9sek k\u00f6zvetlen\u00fcl inspir\u00e1lj\u00e1k a hazai oktat\u00e1st \u00e9s tudom\u00e1nyos \u00e9letet is. A magyar di\u00e1koknak \u00e9s kutat\u00f3knak lehet\u0151s\u00e9g\u00fck ny\u00edlik els\u0151 k\u00e9zb\u0151l hozz\u00e1f\u00e9rni a legfrissebb adatokhoz \u00e9s eredm\u00e9nyekhez.<\/p>\n<h2>Roman \u00fczembe helyez\u00e9se l\u00e9p\u00e9sr\u0151l l\u00e9p\u00e9sre<\/h2>\n<ul>\n<li><strong>Fell\u00f6v\u00e9s:<\/strong> A Roman \u0171rt\u00e1vcs\u0151 startja ut\u00e1n 1 \u00f3ra 23 perccel megkezd\u0151dik a kibontakoz\u00e1s.<\/li>\n<li><strong>Napelemek \u00e9s napellenz\u0151:<\/strong> A rak\u00e9taorrrb\u00f3l val\u00f3 kiemelked\u00e9s ut\u00e1n ezek ny\u00edlnak ki el\u0151sz\u00f6r, biztos\u00edtva az energiaell\u00e1t\u00e1st \u00e9s v\u00e9delmet.<\/li>\n<li><strong>Antenn\u00e1k \u00e9s fed\u00e9l:<\/strong> Az antenn\u00e1k a F\u00f6lddel val\u00f3 kommunik\u00e1ci\u00f3hoz sz\u00fcks\u00e9gesek, a fed\u00e9l pedig a f\u0151t\u00fckr\u00f6t v\u00e9di.<\/li>\n<li><strong>Alaprendszerek tesztel\u00e9se:<\/strong> El\u0151sz\u00f6r csak a legsz\u00fcks\u00e9gesebb rendszereket kapcsolj\u00e1k be l\u00e9p\u00e9sr\u0151l l\u00e9p\u00e9sre.<\/li>\n<li><strong>Optikai \u00e9s detektor kalibr\u00e1ci\u00f3:<\/strong> A f\u0151t\u00fck\u00f6r \u00e9s a detektorok pontos be\u00e1ll\u00edt\u00e1sa, pr\u00f3bak\u00e9pek k\u00e9sz\u00edt\u00e9se.<\/li>\n<li><strong>Tudom\u00e1nyos m\u0171szerek aktiv\u00e1l\u00e1sa:<\/strong> Amikor minden rendszer stabil, megkezd\u0151dnek az els\u0151 tudom\u00e1nyos m\u00e9r\u00e9sek.<\/li>\n<\/ul>\n<h2>Roman \u0171rt\u00e1vcs\u0151 f\u0151bb adatai \u00e9s jellemz\u0151i<\/h2>\n<table>\n<thead>\n<tr>\n<th>Jellemz\u0151<\/th>\n<th>Adat<\/th>\n<\/tr>\n<\/thead>\n<tbody>\n<tr>\n<td>F\u0151t\u00fck\u00f6r \u00e1tm\u00e9r\u0151je<\/td>\n<td>2,4 m\u00e9ter<\/td>\n<\/tr>\n<tr>\n<td>L\u00e1t\u00f3mez\u0151<\/td>\n<td>0,28 n\u00e9gyzetfok (kb. 100x nagyobb, mint a Hubble)<\/td>\n<\/tr>\n<tr>\n<td>Felbont\u00e1s<\/td>\n<td>0,11 \u00edvm\u00e1sodperc<\/td>\n<\/tr>\n<tr>\n<td>P\u00e1lya<\/td>\n<td>Nap-F\u00f6ld L2 Lagrange-pont (kb. 1,5 milli\u00f3 km-re a F\u00f6ldt\u0151l)<\/td>\n<\/tr>\n<tr>\n<td>F\u0151 m\u0171szerek<\/td>\n<td>Wide Field Instrument, Coronagraph Instrument<\/td>\n<\/tr>\n<tr>\n<td>Tervezett \u00e9lettartam<\/td>\n<td>5 \u00e9v (meghosszabb\u00edthat\u00f3)<\/td>\n<\/tr>\n<\/tbody>\n<\/table>\n<h2>Gyakran ism\u00e9telt k\u00e9rd\u00e9sek<\/h2>\n<h3>Mikor \u00e9rkezik meg a Roman \u0171rt\u00e1vcs\u0151 az L2 Lagrange-pontba?<\/h3>\n<p>A Roman \u0171rt\u00e1vcs\u0151 v\u00e1rhat\u00f3an a fell\u00f6v\u00e9s ut\u00e1n mintegy 90 nappal \u00e9rkezik meg az L2 pontra. Az \u00fat sor\u00e1n folyamatosan zajlik a rendszerek be\u00fczemel\u00e9se \u00e9s kalibr\u00e1ci\u00f3ja.<\/p>\n<h3>Mi\u00e9rt v\u00e1lasztott\u00e1k az L2 Lagrange-pontot a Roman misszi\u00f3 sz\u00e1m\u00e1ra?<\/h3>\n<p>Az L2 Lagrange-pont ide\u00e1lis helysz\u00edn, mert itt a gravit\u00e1ci\u00f3s er\u0151k kiegyenl\u00edt\u0151dnek, \u00edgy a t\u00e1vcs\u0151 stabil p\u00e1ly\u00e1n keringhet, minim\u00e1lis \u00fczemanyagfelhaszn\u00e1l\u00e1s mellett. Ez a helysz\u00edn optikailag is kiv\u00e1l\u00f3, a F\u00f6ld \u00e9s a Hold kev\u00e9ss\u00e9 zavarj\u00e1k a megfigyel\u00e9seket.<\/p>\n<h3>Miben k\u00fcl\u00f6nb\u00f6zik a Roman \u0171rt\u00e1vcs\u0151 a Hubble-t\u00f3l?<\/h3>\n<p>B\u00e1r a f\u0151t\u00fck\u00f6r m\u00e9rete ugyanakkora, mint a Hubble-\u00e9, a Roman l\u00e1t\u00f3mezeje sz\u00e1zszor nagyobb, \u00e9s f\u0151k\u00e9nt infrav\u00f6r\u00f6s tartom\u00e1nyban dolgozik. Ez lehet\u0151v\u00e9 teszi, hogy sokkal nagyobb eget t\u00e9rk\u00e9pezzen fel r\u00f6videbb id\u0151 alatt.<\/p>\n<h3>Kik f\u00e9rhetnek hozz\u00e1 a Roman \u00e1ltal gy\u0171jt\u00f6tt adatokhoz?<\/h3>\n<p>A Roman misszi\u00f3 ny\u00edlt adatpolitik\u00e1t k\u00f6vet: a tudom\u00e1nyos adatok t\u00f6bbs\u00e9ge b\u00e1rki sz\u00e1m\u00e1ra hozz\u00e1f\u00e9rhet\u0151 lesz, \u00edgy magyar kutat\u00f3k \u00e9s di\u00e1kok is haszn\u00e1lhatj\u00e1k azokat saj\u00e1t kutat\u00e1saikhoz.<\/p>\n<h3>Hogyan kapcsol\u00f3dik Magyarorsz\u00e1g a Roman \u0171rt\u00e1vcs\u0151h\u00f6z?<\/h3>\n<p>Magyar kutat\u00f3k r\u00e9szt vesznek a Roman \u0171rt\u00e1vcs\u0151h\u00f6z kapcsol\u00f3d\u00f3 nemzetk\u00f6zi tudom\u00e1nyos programokban, \u00edgy k\u00f6zvetlen\u00fcl hozz\u00e1j\u00e1rulnak a misszi\u00f3 siker\u00e9hez \u00e9s az adatok feldolgoz\u00e1s\u00e1hoz.<\/p>\n<h2>\u00d6sszegz\u00e9s<\/h2>\n<p>A Roman \u0171rt\u00e1vcs\u0151 \u00fczembe helyez\u00e9se \u00e9s elhelyezked\u00e9se az L2 Lagrange-ponton \u00faj korszakot nyit az \u0171rkutat\u00e1sban. Az egyed\u00fcl\u00e1ll\u00f3 optikai rendszerek, a prec\u00edz kalibr\u00e1ci\u00f3 \u00e9s a kiv\u00e9telesen stabil p\u00e1lya lehet\u0151v\u00e9 teszi, hogy a Roman misszi\u00f3 p\u00e1ratlan r\u00e9szletess\u00e9ggel vizsg\u00e1lja a vil\u00e1gegyetemet. Magyarorsz\u00e1g sz\u00e1m\u00e1ra is komoly lehet\u0151s\u00e9g, hogy bekapcsol\u00f3djon a legfrissebb kutat\u00e1sokba \u00e9s adatfeldolgoz\u00e1sba.<\/p>\n<p>Ha szeretn\u00e9l t\u00f6bbet megtudni a Roman \u0171rt\u00e1vcs\u0151r\u0151l, az \u0171rkutat\u00e1s magyar vonatkoz\u00e1sair\u00f3l vagy a leg\u00fajabb tudom\u00e1nyos eredm\u00e9nyekr\u0151l, iratkozz fel blogunkra, \u00e9s k\u00f6vess minket a k\u00f6z\u00f6ss\u00e9gi m\u00e9di\u00e1ban is! Ne maradj le a vil\u00e1g\u0171r legizgalmasabb h\u00edreir\u0151l!<\/p>\n<p><script type=\"application\/ld+json\">\n[\n  {\n    \"@context\": \"https:\/\/schema.org\",\n    \"@type\": \"Article\",\n    \"headline\": \"Roman \u00fczembe helyez\u00e9se az L2 pontra tartva\",\n    \"description\": \"Roman \u0171rt\u00e1vcs\u0151 \u00fczembe helyez\u00e9se az L2 pontra tartva: fed\u00e9lzeti rendszerek kalibr\u00e1l\u00e1sa \u00e9s be\u00e1ll\u00edt\u00e1sa a vil\u00e1gegyetem r\u00e9szletes vizsg\u00e1lat\u00e1hoz.\",\n    \"datePublished\": \"2026-08-31T15:20:29.789646\",\n    \"dateModified\": \"2026-08-31T15:20:29.789646\",\n    \"author\": {\n      \"@type\": \"Person\",\n      \"name\": \"Szerkeszt\u0151s\u00e9g\"\n    },\n    \"publisher\": {\n      \"@type\": \"Organization\",\n      \"name\": \"Sasfly Blog\"\n    },\n    \"keywords\": \"Roman \u0171rt\u00e1vcs\u0151, L2 Lagrange-pont, Roman \u00fczembe helyez\u00e9se, \u0171rt\u00e1vcs\u0151 kalibr\u00e1ci\u00f3, \u0171rkutat\u00e1s Magyarorsz\u00e1g, Roman misszi\u00f3\",\n    \"inLanguage\": \"hu-HU\",\n    \"image\": {\n      \"@type\": \"ImageObject\",\n      \"url\": \"https:\/\/blog.sasfly.net\/wp-content\/uploads\/2026\/08\/img_1788182421_3896.jpg\"\n    }\n  },\n  {\n    \"@context\": \"https:\/\/schema.org\",\n    \"@type\": \"FAQPage\",\n    \"mainEntity\": [\n      {\n        \"@type\": \"Question\",\n        \"name\": \"Mikor \u00e9rkezik meg a Roman \u0171rt\u00e1vcs\u0151 az L2 Lagrange-pontba?\",\n        \"acceptedAnswer\": {\n          \"@type\": \"Answer\",\n          \"text\": \"A Roman \u0171rt\u00e1vcs\u0151 v\u00e1rhat\u00f3an a fell\u00f6v\u00e9s ut\u00e1n mintegy 90 nappal \u00e9rkezik meg az L2 pontra. Az \u00fat sor\u00e1n folyamatosan zajlik a rendszerek be\u00fczemel\u00e9se \u00e9s kalibr\u00e1ci\u00f3ja.\"\n        }\n      },\n      {\n        \"@type\": \"Question\",\n        \"name\": \"Mi\u00e9rt v\u00e1lasztott\u00e1k az L2 Lagrange-pontot a Roman misszi\u00f3 sz\u00e1m\u00e1ra?\",\n        \"acceptedAnswer\": {\n          \"@type\": \"Answer\",\n          \"text\": \"Az L2 Lagrange-pont ide\u00e1lis helysz\u00edn, mert itt a gravit\u00e1ci\u00f3s er\u0151k kiegyenl\u00edt\u0151dnek, \u00edgy a t\u00e1vcs\u0151 stabil p\u00e1ly\u00e1n keringhet, minim\u00e1lis \u00fczemanyagfelhaszn\u00e1l\u00e1s mellett. Ez a helysz\u00edn optikailag is kiv\u00e1l\u00f3, a F\u00f6ld \u00e9s a Hold kev\u00e9ss\u00e9 zavarj\u00e1k a megfigyel\u00e9seket.\"\n        }\n      },\n      {\n        \"@type\": \"Question\",\n        \"name\": \"Miben k\u00fcl\u00f6nb\u00f6zik a Roman \u0171rt\u00e1vcs\u0151 a Hubble-t\u00f3l?\",\n        \"acceptedAnswer\": {\n          \"@type\": \"Answer\",\n          \"text\": \"B\u00e1r a f\u0151t\u00fck\u00f6r m\u00e9rete ugyanakkora, mint a Hubble-\u00e9, a Roman l\u00e1t\u00f3mezeje sz\u00e1zszor nagyobb, \u00e9s f\u0151k\u00e9nt infrav\u00f6r\u00f6s tartom\u00e1nyban dolgozik. Ez lehet\u0151v\u00e9 teszi, hogy sokkal nagyobb eget t\u00e9rk\u00e9pezzen fel r\u00f6videbb id\u0151 alatt.\"\n        }\n      },\n      {\n        \"@type\": \"Question\",\n        \"name\": \"Kik f\u00e9rhetnek hozz\u00e1 a Roman \u00e1ltal gy\u0171jt\u00f6tt adatokhoz?\",\n        \"acceptedAnswer\": {\n          \"@type\": \"Answer\",\n          \"text\": \"A Roman misszi\u00f3 ny\u00edlt adatpolitik\u00e1t k\u00f6vet: a tudom\u00e1nyos adatok t\u00f6bbs\u00e9ge b\u00e1rki sz\u00e1m\u00e1ra hozz\u00e1f\u00e9rhet\u0151 lesz, \u00edgy magyar kutat\u00f3k \u00e9s di\u00e1kok is haszn\u00e1lhatj\u00e1k azokat saj\u00e1t kutat\u00e1saikhoz.\"\n        }\n      },\n      {\n        \"@type\": \"Question\",\n        \"name\": \"Hogyan kapcsol\u00f3dik Magyarorsz\u00e1g a Roman \u0171rt\u00e1vcs\u0151h\u00f6z?\",\n        \"acceptedAnswer\": {\n          \"@type\": \"Answer\",\n          \"text\": \"Magyar kutat\u00f3k r\u00e9szt vesznek a Roman \u0171rt\u00e1vcs\u0151h\u00f6z kapcsol\u00f3d\u00f3 nemzetk\u00f6zi tudom\u00e1nyos programokban, \u00edgy k\u00f6zvetlen\u00fcl hozz\u00e1j\u00e1rulnak a misszi\u00f3 siker\u00e9hez \u00e9s az adatok feldolgoz\u00e1s\u00e1hoz.\"\n        }\n      }\n    ]\n  }\n]\n<\/script><\/p>\n","protected":false},"excerpt":{"rendered":"<p>Where is Roman? Roman is making its three-month journey from Earth to Sun-Earth Lagrange Point 2, or L2. Along the way, Roman is undergoing a process called commissioning, where systems are turned on,&#8230;<\/p>\n","protected":false},"author":7,"featured_media":1117,"comment_status":"open","ping_status":"open","sticky":false,"template":"","format":"standard","meta":{"content-type":"","footnotes":""},"categories":[1],"tags":[407,411,406,408,410,409],"class_list":["post-1119","post","type-post","status-publish","format-standard","has-post-thumbnail","hentry","category-egyeb","tag-l2-lagrange-pont","tag-roman-misszio","tag-roman-urtavcso","tag-roman-uzembe-helyezese","tag-urkutatas-magyarorszag","tag-urtavcso-kalibracio"],"_links":{"self":[{"href":"https:\/\/blog.sasfly.net\/index.php\/wp-json\/wp\/v2\/posts\/1119","targetHints":{"allow":["GET"]}}],"collection":[{"href":"https:\/\/blog.sasfly.net\/index.php\/wp-json\/wp\/v2\/posts"}],"about":[{"href":"https:\/\/blog.sasfly.net\/index.php\/wp-json\/wp\/v2\/types\/post"}],"author":[{"embeddable":true,"href":"https:\/\/blog.sasfly.net\/index.php\/wp-json\/wp\/v2\/users\/7"}],"replies":[{"embeddable":true,"href":"https:\/\/blog.sasfly.net\/index.php\/wp-json\/wp\/v2\/comments?post=1119"}],"version-history":[{"count":0,"href":"https:\/\/blog.sasfly.net\/index.php\/wp-json\/wp\/v2\/posts\/1119\/revisions"}],"wp:featuredmedia":[{"embeddable":true,"href":"https:\/\/blog.sasfly.net\/index.php\/wp-json\/wp\/v2\/media\/1117"}],"wp:attachment":[{"href":"https:\/\/blog.sasfly.net\/index.php\/wp-json\/wp\/v2\/media?parent=1119"}],"wp:term":[{"taxonomy":"category","embeddable":true,"href":"https:\/\/blog.sasfly.net\/index.php\/wp-json\/wp\/v2\/categories?post=1119"},{"taxonomy":"post_tag","embeddable":true,"href":"https:\/\/blog.sasfly.net\/index.php\/wp-json\/wp\/v2\/tags?post=1119"}],"curies":[{"name":"wp","href":"https:\/\/api.w.org\/{rel}","templated":true}]}}