{"id":822,"date":"2025-05-29T07:37:00","date_gmt":"2025-05-29T07:37:00","guid":{"rendered":"https:\/\/blog.sasfly.net\/index.php\/2025\/05\/29\/a-cd-projekt-red-belevag-a-cyberpunk-2-fejlesztesebe\/"},"modified":"2025-05-29T07:37:00","modified_gmt":"2025-05-29T07:37:00","slug":"a-cd-projekt-red-belevag-a-cyberpunk-2-fejlesztesebe","status":"publish","type":"post","link":"https:\/\/blog.sasfly.net\/index.php\/2025\/05\/29\/a-cd-projekt-red-belevag-a-cyberpunk-2-fejlesztesebe\/","title":{"rendered":"A CD Projekt Red belev\u00e1g a Cyberpunk 2 fejleszt\u00e9s\u00e9be!"},"content":{"rendered":"<figure><img decoding=\"async\" src=\"https:\/\/blog.sasfly.net\/wp-content\/uploads\/2025\/05\/image_4152.jpg\" alt=\"A CD Projekt Red belev\u00e1g a Cyberpunk 2 fejleszt\u00e9s\u00e9be!\" style=\"width:100%;margin-bottom:1em;\" title=\"\"><\/figure>\n<p>A CD Projekt Red, a Cyberpunk 2077 alkot\u00f3i, hivatalosan is bejelentett\u00e9k, hogy folytatj\u00e1k a Cyberpunk univerzum b\u0151v\u00edt\u00e9s\u00e9t egy \u00faj j\u00e1t\u00e9kkal, amely jelenleg a &#8222;Cyberpunk 2&#8221; munkac\u00edmet viseli. A projekt m\u00e1r t\u00fal van a koncepcion\u00e1lis f\u00e1zison, \u00e9s most a gy\u00e1rt\u00e1s el\u0151k\u00e9sz\u00edt\u00e9si szakasz\u00e1ba l\u00e9pett, ahogyan az a nemr\u00e9giben k\u00f6zz\u00e9tett p\u00e9nz\u00fcgyi jelent\u00e9s\u00fckb\u0151l kider\u00fclt.<\/p>\n<p>B\u00e1r a &#8222;Cyberpunk 2&#8221; nem az \u00faj j\u00e1t\u00e9k hivatalos neve, a CDPR PR menedzsere, Ola Sondej el\u00e1rulta, hogy ez a n\u00e9v csup\u00e1n annyit jelent, hogy egy \u00fajabb j\u00e1t\u00e9k \u00e9rkezik a Cyberpunk vil\u00e1g\u00e1b\u00f3l. A j\u00e1t\u00e9k fejleszt\u00e9se &#8222;Project Orion&#8221; k\u00f3dn\u00e9ven futott m\u00e1r 2022 \u00f3ta, \u00e9s mostanra jelent\u0151s el\u0151rel\u00e9p\u00e9s t\u00f6rt\u00e9nt a k\u00e9sz\u00edt\u00e9s\u00e9ben.<\/p>\n<p>A r\u00e9szleteket illet\u0151en a fejleszt\u0151k m\u00e9g nem sok mindent osztottak meg a nagyk\u00f6z\u00f6ns\u00e9ggel, de annyit el\u00e1rultak, hogy ez lesz a k\u00f6vetkez\u0151 nagy durran\u00e1s a Cyberpunk univerzumban. \u00c1prilis 30-i adatok szerint \u00f6sszesen 96 fejleszt\u0151 dolgozik a projekten. B\u00e1r a megjelen\u00e9s pontos d\u00e1tuma m\u00e9g nem ismert, Michal Nowakowski, a c\u00e9g t\u00e1rsigazgat\u00f3ja egy befektet\u0151i h\u00edv\u00e1son azt mondta, hogy a j\u00e1t\u00e9kot &#8222;megfelel\u0151 id\u0151ben&#8221; fogj\u00e1k kiadni.<\/p>\n<p>Az \u00faj projekt sok rajong\u00f3 \u00e9rdekl\u0151d\u00e9s\u00e9t felkeltette, hiszen a Cyberpunk 2077 megjelen\u00e9se \u00f3ta a CD Projekt Red jelent\u0151s tapasztalatokat szerzett, \u00e9s rem\u00e9lhet\u0151leg ezeket kamatoztatni tudj\u00e1k az \u00faj j\u00e1t\u00e9k fejleszt\u00e9se sor\u00e1n. A j\u00e1t\u00e9kosok vil\u00e1gszerte izgatottan v\u00e1rj\u00e1k, hogy milyen \u00faj t\u00f6rt\u00e9netek \u00e9s kalandok v\u00e1rnak r\u00e1juk ebben a futurisztikus vil\u00e1gban.<\/p>\n","protected":false},"excerpt":{"rendered":"<p>CD Projekt Red&#8217;s (CDPR) sequel to Cyberpunk 2077, which the studio is now calling Cyberpunk 2, has moved from a &#8222;conceptual phase&#8221; into preproduction, according to an earnings report released on Wedne&#8230;<\/p>\n","protected":false},"author":7,"featured_media":0,"comment_status":"open","ping_status":"open","sticky":false,"template":"","format":"standard","meta":{"content-type":"","footnotes":""},"categories":[1],"tags":[197,198,199,200,201],"class_list":["post-822","post","type-post","status-publish","format-standard","hentry","category-egyeb","tag-cd-projekt-red","tag-cyberpunk-2","tag-cyberpunk-univerzum","tag-project-orion","tag-videojatek-fejlesztes"],"_links":{"self":[{"href":"https:\/\/blog.sasfly.net\/index.php\/wp-json\/wp\/v2\/posts\/822","targetHints":{"allow":["GET"]}}],"collection":[{"href":"https:\/\/blog.sasfly.net\/index.php\/wp-json\/wp\/v2\/posts"}],"about":[{"href":"https:\/\/blog.sasfly.net\/index.php\/wp-json\/wp\/v2\/types\/post"}],"author":[{"embeddable":true,"href":"https:\/\/blog.sasfly.net\/index.php\/wp-json\/wp\/v2\/users\/7"}],"replies":[{"embeddable":true,"href":"https:\/\/blog.sasfly.net\/index.php\/wp-json\/wp\/v2\/comments?post=822"}],"version-history":[{"count":0,"href":"https:\/\/blog.sasfly.net\/index.php\/wp-json\/wp\/v2\/posts\/822\/revisions"}],"wp:attachment":[{"href":"https:\/\/blog.sasfly.net\/index.php\/wp-json\/wp\/v2\/media?parent=822"}],"wp:term":[{"taxonomy":"category","embeddable":true,"href":"https:\/\/blog.sasfly.net\/index.php\/wp-json\/wp\/v2\/categories?post=822"},{"taxonomy":"post_tag","embeddable":true,"href":"https:\/\/blog.sasfly.net\/index.php\/wp-json\/wp\/v2\/tags?post=822"}],"curies":[{"name":"wp","href":"https:\/\/api.w.org\/{rel}","templated":true}]}}