{"id":824,"date":"2025-05-29T07:37:21","date_gmt":"2025-05-29T07:37:21","guid":{"rendered":"https:\/\/blog.sasfly.net\/index.php\/2025\/05\/29\/az-usa-kitiltja-a-kulfoldi-tisztviseloket-hogy-buntesse-az-orszagokat-a-kozossegi-media-szabalyai-miatt\/"},"modified":"2025-05-29T07:37:21","modified_gmt":"2025-05-29T07:37:21","slug":"az-usa-kitiltja-a-kulfoldi-tisztviseloket-hogy-buntesse-az-orszagokat-a-kozossegi-media-szabalyai-miatt","status":"publish","type":"post","link":"https:\/\/blog.sasfly.net\/index.php\/2025\/05\/29\/az-usa-kitiltja-a-kulfoldi-tisztviseloket-hogy-buntesse-az-orszagokat-a-kozossegi-media-szabalyai-miatt\/","title":{"rendered":"Az USA kitiltja a k\u00fclf\u00f6ldi tisztvisel\u0151ket, hogy b\u00fcntesse az orsz\u00e1gokat a k\u00f6z\u00f6ss\u00e9gi m\u00e9dia szab\u00e1lyai miatt"},"content":{"rendered":"<figure><img decoding=\"async\" src=\"https:\/\/blog.sasfly.net\/wp-content\/uploads\/2025\/05\/image_7762.jpg\" alt=\"Az USA kitiltja a k\u00fclf\u00f6ldi tisztvisel\u0151ket, hogy b\u00fcntesse az orsz\u00e1gokat a k\u00f6z\u00f6ss\u00e9gi m\u00e9dia szab\u00e1lyai miatt\" style=\"width:100%;margin-bottom:1em;\" title=\"\"><\/figure>\n<p>Az Egyes\u00fclt \u00c1llamok k\u00fcl\u00fcgyminisztere, Marco Rubio bejelentette, hogy szigor\u00fa v\u00edzumkorl\u00e1toz\u00e1sokat vezetnek be azon k\u00fclf\u00f6ldi tisztvisel\u0151k ellen, akik felel\u0151sek az USA-ban v\u00e9dett v\u00e9lem\u00e9nynyilv\u00e1n\u00edt\u00e1s cenz\u00far\u00e1j\u00e1\u00e9rt. A bejelent\u00e9s szerint elfogadhatatlan, hogy k\u00fclf\u00f6ldi tisztvisel\u0151k letart\u00f3ztat\u00e1si parancsokkal fenyegetik vagy kiadj\u00e1k azokat amerikai \u00e1llampolg\u00e1rok vagy lakosok ellen az amerikai platformokon tett k\u00f6z\u00f6ss\u00e9gi m\u00e9dia posztok miatt, mik\u00f6zben az Egyes\u00fclt \u00c1llamok ter\u00fclet\u00e9n tart\u00f3zkodnak. Emellett kritiz\u00e1lj\u00e1k azokat az eseteket is, amikor k\u00fclf\u00f6ldi hat\u00f3s\u00e1gok megpr\u00f3b\u00e1lj\u00e1k r\u00e1k\u00e9nyszer\u00edteni az amerikai tech c\u00e9geket, hogy glob\u00e1lis tartalommoder\u00e1l\u00e1si politik\u00e1t alkalmazzanak.<\/p>\n<p>A pontos r\u00e9szletek m\u00e9g nem tiszt\u00e1zottak, hogy pontosan kiket \u00e9s milyen m\u00f3don \u00e9rint majd ez a szigor\u00edt\u00e1s, de \u00fagy t\u0171nik, hogy az eur\u00f3pai Digit\u00e1lis Szolg\u00e1ltat\u00e1sok T\u00f6rv\u00e9nye is \u00e9rintett lehet. Ez a t\u00f6rv\u00e9ny 2023-ban l\u00e9pett \u00e9letbe, \u00e9s c\u00e9lja, hogy biztons\u00e1gosabb\u00e1 tegye az online platformokat az\u00e1ltal, hogy el\u0151\u00edrja a legnagyobb platformok sz\u00e1m\u00e1ra az illeg\u00e1lis tartalmak elt\u00e1vol\u00edt\u00e1s\u00e1t \u00e9s a tartalommoder\u00e1l\u00e1si tev\u00e9kenys\u00e9g \u00e1tl\u00e1that\u00f3s\u00e1g\u00e1t. B\u00e1r a v\u00edzumkorl\u00e1toz\u00e1sokr\u00f3l sz\u00f3l\u00f3 sajt\u00f3k\u00f6zlem\u00e9ny nem eml\u00edti k\u00f6zvetlen\u00fcl ezt a t\u00f6rv\u00e9nyt, a Trump-adminisztr\u00e1ci\u00f3 m\u00e1r t\u00f6bbsz\u00f6r b\u00edr\u00e1lta azt, t\u00f6bbek k\u00f6z\u00f6tt az \u00e9v elej\u00e9n JD Vance aleln\u00f6k is.<\/p>\n<p>A K\u00fcl\u00fcgyminiszt\u00e9rium hivatalos oldal\u00e1n jelenleg egy cikk tal\u00e1lhat\u00f3, amelyben Samuel Samson, a Demokr\u00e1cia, Emberi Jogok \u00e9s Munka\u00fcgyi Iroda vezet\u0151 tan\u00e1csad\u00f3ja kritiz\u00e1lja a DSA-t, mint egy eszk\u00f6zt, amely &#8222;az ellenv\u00e9lem\u00e9nyek elhallgattat\u00e1s\u00e1ra&#8221; szolg\u00e1l. Szerinte f\u00fcggetlen szab\u00e1lyoz\u00f3k fel\u00fcgyelik a k\u00f6z\u00f6ss\u00e9gi m\u00e9dia c\u00e9geket, bele\u00e9rtve az amerikai platformokat is, mint p\u00e9ld\u00e1ul az X, \u00e9s hatalmas b\u00edrs\u00e1gokkal fenyegetik a szigor\u00fa besz\u00e9dszab\u00e1lyok be nem tart\u00e1sa eset\u00e9n. Rubio hangs\u00falyozta, hogy nem t\u0171rik el az amerikai szuverenit\u00e1s megs\u00e9rt\u00e9s\u00e9t, k\u00fcl\u00f6n\u00f6sen, ha az al\u00e1\u00e1ssa az alapvet\u0151 sz\u00f3l\u00e1sszabads\u00e1g jog\u00e1nak gyakorl\u00e1s\u00e1t.<\/p>\n","protected":false},"excerpt":{"rendered":"<p>An anonymous reader quotes a report from The Verge: Secretary of State Marco Rubio announced Wednesday that the U.S. would restrict visas for &#8222;foreign nationals who are responsible for censorship of p&#8230;<\/p>\n","protected":false},"author":7,"featured_media":0,"comment_status":"open","ping_status":"open","sticky":false,"template":"","format":"standard","meta":{"content-type":"","footnotes":""},"categories":[1],"tags":[202,206,205,203,204],"class_list":["post-824","post","type-post","status-publish","format-standard","hentry","category-egyeb","tag-amerikai-vizumkorlatozas","tag-cenzura-elleni-intezkedesek","tag-europai-digitalis-szolgaltatasok-torvenye","tag-kozossegi-media-szabalyozas","tag-szolasszabadsag"],"_links":{"self":[{"href":"https:\/\/blog.sasfly.net\/index.php\/wp-json\/wp\/v2\/posts\/824","targetHints":{"allow":["GET"]}}],"collection":[{"href":"https:\/\/blog.sasfly.net\/index.php\/wp-json\/wp\/v2\/posts"}],"about":[{"href":"https:\/\/blog.sasfly.net\/index.php\/wp-json\/wp\/v2\/types\/post"}],"author":[{"embeddable":true,"href":"https:\/\/blog.sasfly.net\/index.php\/wp-json\/wp\/v2\/users\/7"}],"replies":[{"embeddable":true,"href":"https:\/\/blog.sasfly.net\/index.php\/wp-json\/wp\/v2\/comments?post=824"}],"version-history":[{"count":0,"href":"https:\/\/blog.sasfly.net\/index.php\/wp-json\/wp\/v2\/posts\/824\/revisions"}],"wp:attachment":[{"href":"https:\/\/blog.sasfly.net\/index.php\/wp-json\/wp\/v2\/media?parent=824"}],"wp:term":[{"taxonomy":"category","embeddable":true,"href":"https:\/\/blog.sasfly.net\/index.php\/wp-json\/wp\/v2\/categories?post=824"},{"taxonomy":"post_tag","embeddable":true,"href":"https:\/\/blog.sasfly.net\/index.php\/wp-json\/wp\/v2\/tags?post=824"}],"curies":[{"name":"wp","href":"https:\/\/api.w.org\/{rel}","templated":true}]}}