{"id":826,"date":"2025-05-29T07:37:40","date_gmt":"2025-05-29T07:37:40","guid":{"rendered":"https:\/\/blog.sasfly.net\/index.php\/2025\/05\/29\/az-apple-a-wwdc-n-az-ios-26-ot-jelenti-be-nem-az-ios-19-et\/"},"modified":"2025-05-29T07:37:40","modified_gmt":"2025-05-29T07:37:40","slug":"az-apple-a-wwdc-n-az-ios-26-ot-jelenti-be-nem-az-ios-19-et","status":"publish","type":"post","link":"https:\/\/blog.sasfly.net\/index.php\/2025\/05\/29\/az-apple-a-wwdc-n-az-ios-26-ot-jelenti-be-nem-az-ios-19-et\/","title":{"rendered":"Az Apple a WWDC-n az iOS 26-ot Jelenti be, nem az iOS 19-et!"},"content":{"rendered":"<figure><img decoding=\"async\" src=\"https:\/\/blog.sasfly.net\/wp-content\/uploads\/2025\/05\/image_6930.jpg\" alt=\"Az Apple a WWDC-n az iOS 26-ot Jelenti be, nem az iOS 19-et!\" style=\"width:100%;margin-bottom:1em;\" title=\"\"><\/figure>\n<p>Az Apple id\u00e9n \u00faj ir\u00e1nyt vesz az iOS rendszerek elnevez\u00e9s\u00e9ben, \u00e9s a v\u00e1rakoz\u00e1sokkal ellent\u00e9tben nem az iOS 19-et fogja bemutatni a WWDC-n, hanem az iOS 26-ot. A Bloomberg inform\u00e1ci\u00f3i szerint a v\u00e1llalat egy \u00e9valap\u00fa n\u00e9vad\u00e1si strat\u00e9gi\u00e1t vezet be, amely a szoftverplatformjaikra is kiterjed. Az \u00faj rendszer c\u00e9lja, hogy k\u00f6vetkezetess\u00e9get teremtsen a m\u00e1rkanevek k\u00f6z\u00f6tt, \u00e9s elker\u00fclje a kor\u00e1bbi elnevez\u00e9si rendszer \u00e1ltal okozott zavart a felhaszn\u00e1l\u00f3k \u00e9s a fejleszt\u0151k k\u00f6r\u00e9ben.<\/p>\n<p>Ez az \u00faj megk\u00f6zel\u00edt\u00e9s r\u00e9sze annak a sz\u00e9lesebb k\u00f6r\u0171 v\u00e1ltoz\u00e1snak, amely a h\u00edrek szerint az Apple \u00f6sszes platformj\u00e1t \u00e9rinti majd. A c\u00e9g a tervek szerint dr\u00e1mai \u00e1talak\u00edt\u00e1sokat hajt v\u00e9gre a szoftverein, hogy egys\u00e9ges\u00edtse a diz\u00e1jnt \u00e9s a felhaszn\u00e1l\u00f3i \u00e9lm\u00e9nyt. Az \u00faj n\u00e9vad\u00e1si strat\u00e9gia \u00e9s az \u00e1tfog\u00f3 diz\u00e1jnv\u00e1lt\u00e1s c\u00e9lja, hogy az Apple term\u00e9kei m\u00e9g ink\u00e1bb \u00f6sszhangban legyenek egym\u00e1ssal, mind a megjelen\u00e9s, mind a funkcionalit\u00e1s szempontj\u00e1b\u00f3l.<\/p>\n<p>Az Apple ezzel a l\u00e9p\u00e9ssel nemcsak a m\u00e1rka egys\u00e9gess\u00e9g\u00e9t er\u0151s\u00edti, hanem a felhaszn\u00e1l\u00f3k sz\u00e1m\u00e1ra is megk\u00f6nny\u00edti a t\u00e1j\u00e9koz\u00f3d\u00e1st a k\u00fcl\u00f6nb\u00f6z\u0151 rendszerek k\u00f6z\u00f6tt. A v\u00e1llalat mindig is h\u00edres volt az innov\u00e1ci\u00f3r\u00f3l \u00e9s a felhaszn\u00e1l\u00f3i \u00e9lm\u00e9ny k\u00f6z\u00e9ppontba helyez\u00e9s\u00e9r\u0151l, \u00edgy nem meglep\u0151, hogy most is \u00faj utakat keres, hogy a technol\u00f3gia \u00e9lvonal\u00e1ban maradjon.<\/p>\n<p>Az elk\u00f6vetkez\u0151 h\u00f3napokban v\u00e1rhat\u00f3an tov\u00e1bbi r\u00e9szleteket is megtudunk az \u00faj iOS 26-r\u00f3l \u00e9s az Apple t\u00f6bbi szoftverplatformj\u00e1nak meg\u00fajul\u00e1s\u00e1r\u00f3l. Mindenesetre izgalmas id\u0151szak el\u00e9 n\u00e9z\u00fcnk, hiszen a WWDC mindig izgalmas bejelent\u00e9seket tartogat a technol\u00f3giai vil\u00e1g sz\u00e1m\u00e1ra.<\/p>\n","protected":false},"excerpt":{"rendered":"<p>According to Bloomberg&#8217;s Mark Gurman (paywalled), this year&#8217;s iOS update won&#8217;t be called iOS 19. &#8222;Instead, Apple is planning to call it &#8216;iOS 26&#8217; as part of a new year-based naming strategy,&#8221; reports 9&#8230;<\/p>\n","protected":false},"author":7,"featured_media":0,"comment_status":"open","ping_status":"open","sticky":false,"template":"","format":"standard","meta":{"content-type":"","footnotes":""},"categories":[1],"tags":[13,207,209,210,208],"class_list":["post-826","post","type-post","status-publish","format-standard","hentry","category-egyeb","tag-apple","tag-ios-26","tag-nevadasi-strategia","tag-szoftverplatformok-redesignja","tag-wwdc"],"_links":{"self":[{"href":"https:\/\/blog.sasfly.net\/index.php\/wp-json\/wp\/v2\/posts\/826","targetHints":{"allow":["GET"]}}],"collection":[{"href":"https:\/\/blog.sasfly.net\/index.php\/wp-json\/wp\/v2\/posts"}],"about":[{"href":"https:\/\/blog.sasfly.net\/index.php\/wp-json\/wp\/v2\/types\/post"}],"author":[{"embeddable":true,"href":"https:\/\/blog.sasfly.net\/index.php\/wp-json\/wp\/v2\/users\/7"}],"replies":[{"embeddable":true,"href":"https:\/\/blog.sasfly.net\/index.php\/wp-json\/wp\/v2\/comments?post=826"}],"version-history":[{"count":0,"href":"https:\/\/blog.sasfly.net\/index.php\/wp-json\/wp\/v2\/posts\/826\/revisions"}],"wp:attachment":[{"href":"https:\/\/blog.sasfly.net\/index.php\/wp-json\/wp\/v2\/media?parent=826"}],"wp:term":[{"taxonomy":"category","embeddable":true,"href":"https:\/\/blog.sasfly.net\/index.php\/wp-json\/wp\/v2\/categories?post=826"},{"taxonomy":"post_tag","embeddable":true,"href":"https:\/\/blog.sasfly.net\/index.php\/wp-json\/wp\/v2\/tags?post=826"}],"curies":[{"name":"wp","href":"https:\/\/api.w.org\/{rel}","templated":true}]}}