{"id":830,"date":"2025-05-29T07:38:37","date_gmt":"2025-05-29T07:38:37","guid":{"rendered":"https:\/\/blog.sasfly.net\/index.php\/2025\/05\/29\/google-fotok-10-eves-ujragondolt-szerkeszto-es-qr-kodos-megosztas\/"},"modified":"2025-05-29T07:38:37","modified_gmt":"2025-05-29T07:38:37","slug":"google-fotok-10-eves-ujragondolt-szerkeszto-es-qr-kodos-megosztas","status":"publish","type":"post","link":"https:\/\/blog.sasfly.net\/index.php\/2025\/05\/29\/google-fotok-10-eves-ujragondolt-szerkeszto-es-qr-kodos-megosztas\/","title":{"rendered":"Google Fot\u00f3k 10 \u00e9ves: \u00dajragondolt szerkeszt\u0151 \u00e9s QR-k\u00f3dos megoszt\u00e1s!"},"content":{"rendered":"<figure><img decoding=\"async\" src=\"https:\/\/blog.sasfly.net\/wp-content\/uploads\/2025\/05\/image_5572.jpg\" alt=\"Google Fot\u00f3k 10 \u00e9ves: \u00dajragondolt szerkeszt\u0151 \u00e9s QR-k\u00f3dos megoszt\u00e1s!\" style=\"width:100%;margin-bottom:1em;\" title=\"\"><\/figure>\n<p>A Google Fot\u00f3k alkalmaz\u00e1s m\u00e1r t\u00edz \u00e9ve \u00e1ll a felhaszn\u00e1l\u00f3k szolg\u00e1lat\u00e1ban, \u00e9s ennek alkalm\u00e1b\u00f3l a Google egy jelent\u0151s friss\u00edt\u00e9st vezet be a fot\u00f3szerkeszt\u0151 fel\u00fclet\u00e9n. Az \u00faj\u00edt\u00e1sok c\u00e9lja, hogy a szerkeszt\u00e9s m\u00e9g intuit\u00edvabb \u00e9s hat\u00e9konyabb legyen, egyszer\u0171s\u00edtve a felhaszn\u00e1l\u00f3k \u00e9let\u00e9t, \u00e9s lehet\u0151v\u00e9 t\u00e9ve sz\u00e1mukra, hogy a legt\u00f6bbet hozz\u00e1k ki k\u00e9peikb\u0151l.<\/p>\n<p>Az alkalmaz\u00e1s \u00faj, teljes k\u00e9perny\u0151s n\u00e9zetet kapott, ahol a d\u00e1tum, id\u0151 \u00e9s helysz\u00edn inform\u00e1ci\u00f3k a k\u00e9perny\u0151 tetej\u00e9n jelennek meg. A k\u00e9perny\u0151 alj\u00e1n pedig a megoszt\u00e1s, szerkeszt\u00e9s, hozz\u00e1ad\u00e1s (kor\u00e1bban Lens), \u00e9s t\u00f6rl\u00e9s opci\u00f3k kaptak helyet. A szerkeszt\u00e9s sor\u00e1n a k\u00e9par\u00e1ny, t\u00fckr\u00f6z\u00e9s \u00e9s forgat\u00e1s vez\u00e9rl\u0151i imm\u00e1r a k\u00e9p felett tal\u00e1lhat\u00f3k.<\/p>\n<p>A Google Fot\u00f3k egyik \u00fajdons\u00e1ga az Auto Frame funkci\u00f3, amely mostant\u00f3l t\u00f6bb eszk\u00f6z\u00f6n is el\u00e9rhet\u0151 lesz. Ez a funkci\u00f3 a Magic Editorben deb\u00fct\u00e1lt a Pixel 9-en, \u00e9s lehet\u0151v\u00e9 teszi a h\u00e1tterek automatikus kit\u00f6lt\u00e9s\u00e9t. Az \u00faj szerkeszt\u0151i fel\u00fcleten a felhaszn\u00e1l\u00f3k k\u00fcl\u00f6nf\u00e9le javaslatokat kaphatnak a mesters\u00e9ges intelligencia \u00e1ltal vez\u00e9relt eszk\u00f6z\u00f6kkel, amelyek t\u00f6bbf\u00e9le hat\u00e1st is kombin\u00e1lhatnak a gyors szerkeszt\u00e9s \u00e9rdek\u00e9ben. Emellett lehet\u0151s\u00e9g van a k\u00e9p egyes r\u00e9szeire val\u00f3 r\u00e1koppint\u00e1sra is, hogy az adott r\u00e9szlethez ill\u0151 szerkeszt\u00e9si eszk\u00f6z\u00f6ket aj\u00e1nlja fel az applik\u00e1ci\u00f3.<\/p>\n<p>A m\u00f3dos\u00edt\u00e1sok k\u00f6z\u00f6tt szerepel a h\u00e1tt\u00e9r elmos\u00e1sa, portr\u00e9 f\u00e9ny hozz\u00e1ad\u00e1sa, \u00e9les\u00edt\u00e9s, valamint a k\u00e9p megmozgat\u00e1sa \u00e9s \u00fajragondol\u00e1sa. Ezek az eszk\u00f6z\u00f6k az \u00fajonnan tervezett cs\u00faszk\u00e1kkal egy\u00fctt teszik teljess\u00e9 az \u00e9lm\u00e9nyt. Az \u00e1tdolgozott szerkeszt\u0151i fel\u00fclet a k\u00f6vetkez\u0151 h\u00f3napban kezd el\u00e9rhet\u0151v\u00e9 v\u00e1lni Android eszk\u00f6z\u00f6k\u00f6n, az iOS felhaszn\u00e1l\u00f3k pedig az \u00e9v k\u00e9s\u0151bbi szakasz\u00e1ban kapj\u00e1k meg a friss\u00edt\u00e9st.<\/p>\n<p>Egy m\u00e1sik jelent\u0151s \u00faj\u00edt\u00e1s a QR-k\u00f3dos megoszt\u00e1si lehet\u0151s\u00e9g bevezet\u00e9se, amellyel albumokat egyszer\u0171en megoszthatunk a k\u00f6zel\u00fcnkben l\u00e9v\u0151 emberekkel. Ez a funkci\u00f3 k\u00fcl\u00f6n\u00f6sen hasznos lehet fizikai csoportos tal\u00e1lkoz\u00f3k alkalm\u00e1val, amikor ak\u00e1r ki is nyomtathatjuk a QR-k\u00f3dot a k\u00f6nnyebb hozz\u00e1f\u00e9r\u00e9s \u00e9rdek\u00e9ben.<\/p>\n<p>A Google Fot\u00f3k teh\u00e1t nemcsak a k\u00e9pszerkeszt\u00e9st \u00faj\u00edtja meg, hanem a megoszt\u00e1s folyamat\u00e1t is, ez\u00e1ltal m\u00e9g k\u00f6nnyebb\u00e9 t\u00e9ve a k\u00f6z\u00f6s eml\u00e9kek megoszt\u00e1s\u00e1t \u00e9s szerkeszt\u00e9s\u00e9t. Az \u00faj, anyagiasan kifejez\u0151 arculat\u00fa friss\u00edt\u00e9sek r\u00e9v\u00e9n a Google Fot\u00f3k tov\u00e1bbra is az egyik vezet\u0151 alkalmaz\u00e1s marad a digit\u00e1lis k\u00e9pek kezel\u00e9s\u00e9ben.<\/p>\n","protected":false},"excerpt":{"rendered":"<p>An anonymous reader quotes a report from 9to5Google: Google Photos was announced at I\/O 2015 and the company is now celebrating the app&#8217;s 10th birthday with a redesign of the photo editor. Google is r&#8230;<\/p>\n","protected":false},"author":7,"featured_media":0,"comment_status":"open","ping_status":"open","sticky":false,"template":"","format":"standard","meta":{"content-type":"","footnotes":""},"categories":[1],"tags":[216,219,46,218,217],"class_list":["post-830","post","type-post","status-publish","format-standard","hentry","category-egyeb","tag-google-fotok","tag-kepszerkesztes","tag-mesterseges-intelligencia","tag-qr-kod-megosztas","tag-szerkesztoi-attervezes"],"_links":{"self":[{"href":"https:\/\/blog.sasfly.net\/index.php\/wp-json\/wp\/v2\/posts\/830","targetHints":{"allow":["GET"]}}],"collection":[{"href":"https:\/\/blog.sasfly.net\/index.php\/wp-json\/wp\/v2\/posts"}],"about":[{"href":"https:\/\/blog.sasfly.net\/index.php\/wp-json\/wp\/v2\/types\/post"}],"author":[{"embeddable":true,"href":"https:\/\/blog.sasfly.net\/index.php\/wp-json\/wp\/v2\/users\/7"}],"replies":[{"embeddable":true,"href":"https:\/\/blog.sasfly.net\/index.php\/wp-json\/wp\/v2\/comments?post=830"}],"version-history":[{"count":0,"href":"https:\/\/blog.sasfly.net\/index.php\/wp-json\/wp\/v2\/posts\/830\/revisions"}],"wp:attachment":[{"href":"https:\/\/blog.sasfly.net\/index.php\/wp-json\/wp\/v2\/media?parent=830"}],"wp:term":[{"taxonomy":"category","embeddable":true,"href":"https:\/\/blog.sasfly.net\/index.php\/wp-json\/wp\/v2\/categories?post=830"},{"taxonomy":"post_tag","embeddable":true,"href":"https:\/\/blog.sasfly.net\/index.php\/wp-json\/wp\/v2\/tags?post=830"}],"curies":[{"name":"wp","href":"https:\/\/api.w.org\/{rel}","templated":true}]}}